{"id":9003,"date":"2023-12-19T11:00:40","date_gmt":"2023-12-19T11:00:40","guid":{"rendered":"https:\/\/www.memexitaly.it\/?p=9003"},"modified":"2023-12-21T11:57:25","modified_gmt":"2023-12-21T11:57:25","slug":"smarta-net-primo-workshop-sulle-soluzioni-di-mobilita-condivisa","status":"publish","type":"post","link":"https:\/\/www.memexitaly.it\/it\/smarta-net-primo-workshop-sulle-soluzioni-di-mobilita-condivisa\/","title":{"rendered":"SMARTA-NET: Primo Workshop sulle Soluzioni di Mobilit\u00e0 Condivisa"},"content":{"rendered":"<p style=\"text-align: justify;\">MemEx, coordinatore del progetto europeo SMARTA-NET, con il patrocinio del Comune di Narni, ha organizzato con successo il primo workshop del progetto sul territorio italiano. L\u2019evento si \u00e8 svolto nella giornata di Marted\u00ec 12 Dicembre 2023 presso il DigiPASS di Narni, e si \u00e8 focalizzato sull\u2019 analisi delle soluzioni di mobilit\u00e0 in sharing e sostenibile nelle aree a domanda debole e rurali.<\/p>\n<p style=\"text-align: justify;\">All\u2019evento hanno partecipato i rappresentanti delle autorit\u00e0 locali del territorio ternano, con particolare riferimento ai comuni del Cammino dei Protomartiri Francescani, dell\u2019azienda di trasporto pubblico locale e dell\u2019agenzia per la mobilit\u00e0 della Regione Umbria. Nella prima parte dell\u2019evento, i tecnici di MemEx hanno presentato alcune buone pratiche quali servizi a chiamata, car sharing, e soluzioni volte all\u2019integrazione dei servizi con il trasporto pubblico locale, mentre nella seconda parte sono stati organizzati tavoli di lavoro e discussione nei quali i partecipanti hanno condiviso le proprie conoscenze ed esperienze nel settore della mobilit\u00e0, con l\u2019obiettivo di identificare possibili sinergie tra le iniziative e strategie in corso presso gli enti istituzionali per il miglioramento dell\u2019accessibilit\u00e0 dei Comuni e dei borghi limitrofi.<\/p>\n<p style=\"text-align: justify;\">Sono previsti altri tre appuntamenti che andranno ad analizzare i seguenti temi:<\/p>\n<ul style=\"text-align: justify;\">\n<li>Implicazioni e cooperazione tra i settori del turismo e della mobilit\u00e0 nelle zone rurali;<\/li>\n<li>Piani di mobilit\u00e0 sostenibile: orientamenti per zone rurali;<\/li>\n<li>Opportunit\u00e0 di finanziamenti e fondi per i servizi di mobilit\u00e0.<\/li>\n<\/ul>\n<p style=\"text-align: justify;\">Il prossimo workshop \u00e8 stato gi\u00e0 pianificato per <strong>Mercoled\u00ec 6 Marzo 2024<\/strong>. Contattaci per rimanere aggiornato e prendere parte agli eventi futuri di SMARTA-NET!<\/p>\n<p style=\"text-align: justify;\"><img decoding=\"async\" class=\"wp-image-9006 size-medium aligncenter\" src=\"https:\/\/www.memexitaly.it\/wp-content\/uploads\/20231212_122927-533x400.jpg\" alt=\"\" width=\"533\" height=\"400\" \/><\/p>\n<p><img decoding=\"async\" class=\"wp-image-9012 alignnone\" src=\"https:\/\/www.memexitaly.it\/wp-content\/uploads\/IMG-20231212-WA0007-300x400.jpg\" alt=\"\" width=\"317\" height=\"423\" \/> \u00a0 <img decoding=\"async\" class=\"wp-image-9010 alignnone\" src=\"https:\/\/www.memexitaly.it\/wp-content\/uploads\/IMG-20231212-WA0013-300x400.jpg\" alt=\"\" width=\"317\" height=\"423\" \/><\/p>\n<p><img decoding=\"async\" class=\"wp-image-9014 alignnone\" src=\"https:\/\/www.memexitaly.it\/wp-content\/uploads\/WhatsApp-Image-2023-12-15-at-09.16.39-400x400.jpeg\" alt=\"\" width=\"365\" height=\"365\" \/>\u00a0\u00a0<img decoding=\"async\" class=\"alignnone wp-image-9008\" src=\"https:\/\/www.memexitaly.it\/wp-content\/uploads\/IMG-20231212-WA0012-300x400.jpg\" alt=\"\" width=\"274\" height=\"365\" \/><\/p>\n","protected":false},"excerpt":{"rendered":"<p>MemEx, coordinatore del progetto europeo SMARTA-NET, con il patrocinio del Comune di Narni, ha organizzato con successo il primo workshop del progetto sul territorio italiano. L\u2019evento si \u00e8 svolto nella giornata di Marted\u00ec 12 Dicembre 2023 presso il DigiPASS di Narni, e si \u00e8 focalizzato sull\u2019 analisi delle soluzioni di mobilit\u00e0 in sharing e sostenibile [&hellip;]<\/p>\n","protected":false},"author":19,"featured_media":9004,"comment_status":"closed","ping_status":"closed","sticky":false,"template":"","format":"standard","meta":{"footnotes":""},"categories":[499],"tags":[503,564,563,562,371,504,500,561,538],"class_list":["post-9003","post","type-post","status-publish","format-standard","has-post-thumbnail","hentry","category-smarta-net-news","tag-aree-rurali","tag-cammino-dei-protomartiri-francescani","tag-comune-di-narni","tag-italia","tag-mobilita","tag-mobilita-condivisa","tag-smarta-net","tag-soluzioni-di-mobilita-condivisa","tag-workshop"],"_links":{"self":[{"href":"https:\/\/www.memexitaly.it\/it\/wp-json\/wp\/v2\/posts\/9003","targetHints":{"allow":["GET"]}}],"collection":[{"href":"https:\/\/www.memexitaly.it\/it\/wp-json\/wp\/v2\/posts"}],"about":[{"href":"https:\/\/www.memexitaly.it\/it\/wp-json\/wp\/v2\/types\/post"}],"author":[{"embeddable":true,"href":"https:\/\/www.memexitaly.it\/it\/wp-json\/wp\/v2\/users\/19"}],"replies":[{"embeddable":true,"href":"https:\/\/www.memexitaly.it\/it\/wp-json\/wp\/v2\/comments?post=9003"}],"version-history":[{"count":15,"href":"https:\/\/www.memexitaly.it\/it\/wp-json\/wp\/v2\/posts\/9003\/revisions"}],"predecessor-version":[{"id":9030,"href":"https:\/\/www.memexitaly.it\/it\/wp-json\/wp\/v2\/posts\/9003\/revisions\/9030"}],"wp:featuredmedia":[{"embeddable":true,"href":"https:\/\/www.memexitaly.it\/it\/wp-json\/wp\/v2\/media\/9004"}],"wp:attachment":[{"href":"https:\/\/www.memexitaly.it\/it\/wp-json\/wp\/v2\/media?parent=9003"}],"wp:term":[{"taxonomy":"category","embeddable":true,"href":"https:\/\/www.memexitaly.it\/it\/wp-json\/wp\/v2\/categories?post=9003"},{"taxonomy":"post_tag","embeddable":true,"href":"https:\/\/www.memexitaly.it\/it\/wp-json\/wp\/v2\/tags?post=9003"}],"curies":[{"name":"wp","href":"https:\/\/api.w.org\/{rel}","templated":true}]}}