{"id":4652,"date":"2020-11-13T16:09:49","date_gmt":"2020-11-13T16:09:49","guid":{"rendered":"http:\/\/www.memexitaly.it\/?p=4652"},"modified":"2021-10-16T08:50:43","modified_gmt":"2021-10-16T08:50:43","slug":"time-to-act-for-rural-mobility-webinar-del-progetto-smarta","status":"publish","type":"post","link":"https:\/\/www.memexitaly.it\/it\/time-to-act-for-rural-mobility-webinar-del-progetto-smarta\/","title":{"rendered":"\u201cTIME TO ACT for Rural Mobility\u201d, webinar del progetto SMARTA"},"content":{"rendered":"<p>Lo scorso 5 novembre nell&#8217;ambito del progetto <a href=\"https:\/\/ruralsharedmobility.eu\/\">SMARTA<\/a> si \u00e8 tenuto il terzo webinar tematico della serie \u201c<em>Time to Act for Rural Mobility<\/em>\u201d organizzato da MemEx in collaboration con Vectos. Tema di discussione principale: le problematiche dell&#8217;integrazione tra soluzioni di mobilit\u00e0 condivisa e trasporto pubblico convenzionale. In particolare, sono stati affrontati i seguenti argomenti: (i) il significato di &#8220;integrazione&#8221; per la mobilit\u00e0 rurale condivisa e le soluzioni reali in tale contesto; \u00a0(ii) le implicazioni di tale integrazione. \u00a0L&#8217;integrazione \u00e8 stata esaminata sotto diversi livelli: progettuale, operativo, organizzativo e con gli utenti. Il webinar si \u00e8 aperto con le presentazioni di Vejle (DK) ed Elba (IT), ciascuna dedicata alle diverse forme di servizi di mobilit\u00e0 e alla loro integrazione. Il webinar \u00e8 terminato con due tavole rotonde, la prima sui principali \u201clivelli di integrazione\u201d e la seconda sulle sfide e le opportunit\u00e0 esistenti nel rapportarsi con stakeholders e con utenti finali.<\/p>\n<p><img decoding=\"async\" src=\"https:\/\/ruralsharedmobility.eu\/wp-content\/themes\/smarta\/assets\/logo-smarta.png\" \/><\/p>\n","protected":false},"excerpt":{"rendered":"<p>Lo scorso 5 novembre nell&#8217;ambito del progetto SMARTA si \u00e8 tenuto il terzo webinar tematico della serie \u201cTime to Act for Rural Mobility\u201d organizzato da MemEx in collaboration con Vectos. Tema di discussione principale: le problematiche dell&#8217;integrazione tra soluzioni di mobilit\u00e0 condivisa e trasporto pubblico convenzionale. In particolare, sono stati affrontati i seguenti argomenti: (i) [&hellip;]<\/p>\n","protected":false},"author":6,"featured_media":7576,"comment_status":"closed","ping_status":"closed","sticky":false,"template":"","format":"standard","meta":{"footnotes":""},"categories":[332],"tags":[371,373],"class_list":["post-4652","post","type-post","status-publish","format-standard","has-post-thumbnail","hentry","category-progetto-europeo","tag-mobilita","tag-smarta-2"],"_links":{"self":[{"href":"https:\/\/www.memexitaly.it\/it\/wp-json\/wp\/v2\/posts\/4652","targetHints":{"allow":["GET"]}}],"collection":[{"href":"https:\/\/www.memexitaly.it\/it\/wp-json\/wp\/v2\/posts"}],"about":[{"href":"https:\/\/www.memexitaly.it\/it\/wp-json\/wp\/v2\/types\/post"}],"author":[{"embeddable":true,"href":"https:\/\/www.memexitaly.it\/it\/wp-json\/wp\/v2\/users\/6"}],"replies":[{"embeddable":true,"href":"https:\/\/www.memexitaly.it\/it\/wp-json\/wp\/v2\/comments?post=4652"}],"version-history":[{"count":0,"href":"https:\/\/www.memexitaly.it\/it\/wp-json\/wp\/v2\/posts\/4652\/revisions"}],"wp:featuredmedia":[{"embeddable":true,"href":"https:\/\/www.memexitaly.it\/it\/wp-json\/wp\/v2\/media\/7576"}],"wp:attachment":[{"href":"https:\/\/www.memexitaly.it\/it\/wp-json\/wp\/v2\/media?parent=4652"}],"wp:term":[{"taxonomy":"category","embeddable":true,"href":"https:\/\/www.memexitaly.it\/it\/wp-json\/wp\/v2\/categories?post=4652"},{"taxonomy":"post_tag","embeddable":true,"href":"https:\/\/www.memexitaly.it\/it\/wp-json\/wp\/v2\/tags?post=4652"}],"curies":[{"name":"wp","href":"https:\/\/api.w.org\/{rel}","templated":true}]}}