{"id":3561,"date":"2016-10-24T09:16:49","date_gmt":"2016-10-24T09:16:49","guid":{"rendered":"http:\/\/www.memexitaly.it\/?p=3561"},"modified":"2021-09-22T14:59:38","modified_gmt":"2021-09-22T14:59:38","slug":"ibe-international-bus-expo-dal-26-al-28-ottobre-rimini-fiera","status":"publish","type":"post","link":"https:\/\/www.memexitaly.it\/it\/ibe-international-bus-expo-dal-26-al-28-ottobre-rimini-fiera\/","title":{"rendered":"IBE (International Bus Exp\u00f2) &#8211; dal 26 al 28 Ottobre &#8211; Rimini Fiera"},"content":{"rendered":"<p>MemEx parteciper\u00e0 al &#8220;IBE (International Bus Exp\u00f2)&#8221; in programma dal 26 al 28 ottobre 2016 presso Rimini Fiera, Expo Centre.<\/p>\n","protected":false},"excerpt":{"rendered":"<p>MemEx parteciper\u00e0 al &#8220;IBE (International Bus Exp\u00f2)&#8221; in programma dal 26 al 28 ottobre 2016 presso Rimini Fiera, Expo Centre.<\/p>\n","protected":false},"author":13,"featured_media":3562,"comment_status":"closed","ping_status":"closed","sticky":false,"template":"","format":"standard","meta":{"footnotes":""},"categories":[280,340,346,348],"tags":[284,425,426,287,275],"class_list":["post-3561","post","type-post","status-publish","format-standard","has-post-thumbnail","hentry","category-its-news-en","category-mobilita-news","category-smart-cities-news","category-trasporto-pubblico-news","tag-avm-en","tag-ibe","tag-international-bus-expo","tag-its-en","tag-tpl-en"],"_links":{"self":[{"href":"https:\/\/www.memexitaly.it\/it\/wp-json\/wp\/v2\/posts\/3561","targetHints":{"allow":["GET"]}}],"collection":[{"href":"https:\/\/www.memexitaly.it\/it\/wp-json\/wp\/v2\/posts"}],"about":[{"href":"https:\/\/www.memexitaly.it\/it\/wp-json\/wp\/v2\/types\/post"}],"author":[{"embeddable":true,"href":"https:\/\/www.memexitaly.it\/it\/wp-json\/wp\/v2\/users\/13"}],"replies":[{"embeddable":true,"href":"https:\/\/www.memexitaly.it\/it\/wp-json\/wp\/v2\/comments?post=3561"}],"version-history":[{"count":0,"href":"https:\/\/www.memexitaly.it\/it\/wp-json\/wp\/v2\/posts\/3561\/revisions"}],"wp:featuredmedia":[{"embeddable":true,"href":"https:\/\/www.memexitaly.it\/it\/wp-json\/wp\/v2\/media\/3562"}],"wp:attachment":[{"href":"https:\/\/www.memexitaly.it\/it\/wp-json\/wp\/v2\/media?parent=3561"}],"wp:term":[{"taxonomy":"category","embeddable":true,"href":"https:\/\/www.memexitaly.it\/it\/wp-json\/wp\/v2\/categories?post=3561"},{"taxonomy":"post_tag","embeddable":true,"href":"https:\/\/www.memexitaly.it\/it\/wp-json\/wp\/v2\/tags?post=3561"}],"curies":[{"name":"wp","href":"https:\/\/api.w.org\/{rel}","templated":true}]}}