{"id":3142,"date":"2015-06-17T15:31:23","date_gmt":"2015-06-17T15:31:23","guid":{"rendered":"http:\/\/www.memexitaly.it\/?p=3142"},"modified":"2021-10-18T13:01:59","modified_gmt":"2021-10-18T13:01:59","slug":"uitp-al-world-congress-and-exhibition-61-edizione","status":"publish","type":"post","link":"https:\/\/www.memexitaly.it\/it\/uitp-al-world-congress-and-exhibition-61-edizione\/","title":{"rendered":"UITP al World Congress and Exhibition (61\u00b0 edizione)"},"content":{"rendered":"<p style=\"text-align: justify;\">MemEx ha partecipato al World Congress and Exhibition dell\u2019UITP (l\u2019associazione mondiale delle aziende di trasporto pubblico, 61\u00b0 edizione) tenutasi a Milano 8-10 giugno.<br \/>\nIl congresso ha visto la presenza di aziende di trasporto come RATP, Mowsalat \/ Qatar Transport Company, Transport for Cape Town oltre alla associazione nazionale ASSTRA e la partecipazione sia dei maggiori fornitori mondiali di sistemi bus e servizi che di tecnologie e sistemi ITS.<br \/>\nL\u2019evento per MemEx \u00e8 stato una occasione per uno scambio di opinioni e considerazioni tecnico operative con le societ\u00e0 ITS che lavorano con le aziende di TPL e con alcune delle aziende di TPL presenti. Per quanto riguarda i sistemi c\u2019\u00e8 stata una preponderanza dei sistemi di bigliettazione elettronica quale fulcro anche per lo sviluppo degli altri sistemi quali AVM e info utenza. Questa visita tecnica e confronto ha inoltre confermato la strada intrapresa da MemEx e cio\u00e8 la necessit\u00e0 di avere da parte delle aziende di TPL tool per la certificazione del servizio TPL e della necessit\u00e0 delle aziende stesse di godere di un supporto tecnico per la direzione lavori delle relative commesse realizzative.<br \/>\nL\u2019evento UITP ha inoltre offerto occasioni di riflessione alcuni &#8220;Focus Sessions&#8221; nel corso delle quali sono stati approfonditi aspetti e tematiche sulle quali MemEx \u00e8 impegnata da anni (dalla certificazione del servizio TPL ai collaudi e validazione dei sistemi ) e soprattutto ha ribadito un concetto pi\u00f9 volte espresso da MemEx (non ultimo nel seminario CERT&amp;InfoMobilit\u00e0 organizzato il 7 Maggio scorso a Firenze, <a href=\"https:\/\/www.memexitaly.it\/smart-cities-news\/ii-seminario-certificazione-del-servizio-tpl-il-modulo-certinfomobilita-e-i-sistemi-avmsae\/\">vedi post specifico<\/a>) che bisogna lavorare per uscire dall\u2019usuale pensiero \u201ccompri tecnologia e risolvi i problemi\u201d e consolidare un atteggiamento da parte degli stakeholders degli enti locali \/aziende TPL sulla necessit\u00e0 di avviare prima dell\u2019acquisto di qualsiasi sistema uno studio di fattibilit\u00e0 su differenti aspetti tipo definizione dei requisiti ed obiettivi, riorganizzazione, procedure operative, procedure di collaudo e mantenimento, avvio operativo dei sistemi ITS quali, ad esempio, i sistemi AVM; attivit\u00e0 sempre pi\u00f9 necessarie per evitare dispendio di risorse da parte delle Aziende senza il raggiungimento degli obiettivi.<\/p>\n","protected":false},"excerpt":{"rendered":"<p>MemEx ha partecipato al World Congress and Exhibition dell\u2019UITP (l\u2019associazione mondiale delle aziende di trasporto pubblico, 61\u00b0 edizione) tenutasi a Milano 8-10 giugno. Il congresso ha visto la presenza di aziende di trasporto come RATP, Mowsalat \/ Qatar Transport Company, Transport for Cape Town oltre alla associazione nazionale ASSTRA e la partecipazione sia dei maggiori [&hellip;]<\/p>\n","protected":false},"author":13,"featured_media":7926,"comment_status":"closed","ping_status":"closed","sticky":false,"template":"","format":"gallery","meta":{"footnotes":""},"categories":[280,340,346,348],"tags":[284,351,287,289,275],"class_list":["post-3142","post","type-post","status-publish","format-gallery","has-post-thumbnail","hentry","category-its-news-en","category-mobilita-news","category-smart-cities-news","category-trasporto-pubblico-news","tag-avm-en","tag-bigliettazione-elettronica","tag-its-en","tag-smart-cities-en","tag-tpl-en","post_format-post-format-gallery"],"_links":{"self":[{"href":"https:\/\/www.memexitaly.it\/it\/wp-json\/wp\/v2\/posts\/3142","targetHints":{"allow":["GET"]}}],"collection":[{"href":"https:\/\/www.memexitaly.it\/it\/wp-json\/wp\/v2\/posts"}],"about":[{"href":"https:\/\/www.memexitaly.it\/it\/wp-json\/wp\/v2\/types\/post"}],"author":[{"embeddable":true,"href":"https:\/\/www.memexitaly.it\/it\/wp-json\/wp\/v2\/users\/13"}],"replies":[{"embeddable":true,"href":"https:\/\/www.memexitaly.it\/it\/wp-json\/wp\/v2\/comments?post=3142"}],"version-history":[{"count":0,"href":"https:\/\/www.memexitaly.it\/it\/wp-json\/wp\/v2\/posts\/3142\/revisions"}],"wp:featuredmedia":[{"embeddable":true,"href":"https:\/\/www.memexitaly.it\/it\/wp-json\/wp\/v2\/media\/7926"}],"wp:attachment":[{"href":"https:\/\/www.memexitaly.it\/it\/wp-json\/wp\/v2\/media?parent=3142"}],"wp:term":[{"taxonomy":"category","embeddable":true,"href":"https:\/\/www.memexitaly.it\/it\/wp-json\/wp\/v2\/categories?post=3142"},{"taxonomy":"post_tag","embeddable":true,"href":"https:\/\/www.memexitaly.it\/it\/wp-json\/wp\/v2\/tags?post=3142"}],"curies":[{"name":"wp","href":"https:\/\/api.w.org\/{rel}","templated":true}]}}