{"id":2741,"date":"2014-12-17T13:47:41","date_gmt":"2014-12-17T13:47:41","guid":{"rendered":"http:\/\/www.memexitaly.it\/?p=2741"},"modified":"2021-10-18T13:12:42","modified_gmt":"2021-10-18T13:12:42","slug":"memex-al-politecnico-di-milano","status":"publish","type":"post","link":"https:\/\/www.memexitaly.it\/it\/memex-al-politecnico-di-milano\/","title":{"rendered":"MemEx al Politecnico di Milano"},"content":{"rendered":"<p style=\"text-align: justify;\">Come di consueto MemEx, nelle figure di <a href=\"https:\/\/www.memexitaly.it\/meet-the-team\" target=\"_blank\" rel=\"noopener\">Giorgio<\/a> e <a href=\"https:\/\/www.memexitaly.it\/meet-the-team\" target=\"_blank\" rel=\"noopener\">Claudio<\/a>, ha tenuto il seminario annuale (a.a.\u00a02014\/2015) presso il Politecnico di Milano. Il corso di studi al\u00a0quale ha fornito il proprio contributo\u00a0\u00e8\u00a0<em>&#8220;Trasporti, Mobilit\u00e0 e Sostenibilit\u00e0&#8221;<\/em>, della facolt\u00e0 di Architettura, tenuto dal Professor Lorenzo Mussone . Il titolo dell&#8217;intervento di quest&#8217;anno \u00e8 <em>&#8220;Verso la \u201csmart mobility\u201d &#8211; Governo della mobilit\u00e0 urbana, tecnologie, logistica urbana, servizi e controllo TPL &#8211; nell\u2019ambito del Progetto CERT&amp;INFOMOBILITA\u2019.\u00a0<\/em>Nel corso della lezione sono stati affrontati vari temi: dai Sistemi ITS e le Smart City in generale, alla metodologia da applicare ai\u00a0fini di uno studio di fattibilit\u00e0 di interventi infrastrutturali viarie in ambito urbano, facendo riferimento al caso studio di Livorno, per la valutazione degli impatti e benefici.<\/p>\n","protected":false},"excerpt":{"rendered":"<p>Come di consueto MemEx, nelle figure di Giorgio e Claudio, ha tenuto il seminario annuale (a.a.\u00a02014\/2015) presso il Politecnico di Milano. Il corso di studi al\u00a0quale ha fornito il proprio contributo\u00a0\u00e8\u00a0&#8220;Trasporti, Mobilit\u00e0 e Sostenibilit\u00e0&#8221;, della facolt\u00e0 di Architettura, tenuto dal Professor Lorenzo Mussone . Il titolo dell&#8217;intervento di quest&#8217;anno \u00e8 &#8220;Verso la \u201csmart mobility\u201d &#8211; [&hellip;]<\/p>\n","protected":false},"author":13,"featured_media":7941,"comment_status":"closed","ping_status":"closed","sticky":false,"template":"","format":"gallery","meta":{"footnotes":""},"categories":[330,333,346,348],"tags":[287,289,275],"class_list":["post-2741","post","type-post","status-publish","format-gallery","has-post-thumbnail","hentry","category-certinfomobilita","category-progetto-europeo-news","category-smart-cities-news","category-trasporto-pubblico-news","tag-its-en","tag-smart-cities-en","tag-tpl-en","post_format-post-format-gallery"],"_links":{"self":[{"href":"https:\/\/www.memexitaly.it\/it\/wp-json\/wp\/v2\/posts\/2741","targetHints":{"allow":["GET"]}}],"collection":[{"href":"https:\/\/www.memexitaly.it\/it\/wp-json\/wp\/v2\/posts"}],"about":[{"href":"https:\/\/www.memexitaly.it\/it\/wp-json\/wp\/v2\/types\/post"}],"author":[{"embeddable":true,"href":"https:\/\/www.memexitaly.it\/it\/wp-json\/wp\/v2\/users\/13"}],"replies":[{"embeddable":true,"href":"https:\/\/www.memexitaly.it\/it\/wp-json\/wp\/v2\/comments?post=2741"}],"version-history":[{"count":0,"href":"https:\/\/www.memexitaly.it\/it\/wp-json\/wp\/v2\/posts\/2741\/revisions"}],"wp:featuredmedia":[{"embeddable":true,"href":"https:\/\/www.memexitaly.it\/it\/wp-json\/wp\/v2\/media\/7941"}],"wp:attachment":[{"href":"https:\/\/www.memexitaly.it\/it\/wp-json\/wp\/v2\/media?parent=2741"}],"wp:term":[{"taxonomy":"category","embeddable":true,"href":"https:\/\/www.memexitaly.it\/it\/wp-json\/wp\/v2\/categories?post=2741"},{"taxonomy":"post_tag","embeddable":true,"href":"https:\/\/www.memexitaly.it\/it\/wp-json\/wp\/v2\/tags?post=2741"}],"curies":[{"name":"wp","href":"https:\/\/api.w.org\/{rel}","templated":true}]}}