{"id":4572,"date":"2020-07-10T16:40:52","date_gmt":"2020-07-10T16:40:52","guid":{"rendered":"http:\/\/www.memexitaly.it\/en\/?p=4572"},"modified":"2021-09-22T10:31:12","modified_gmt":"2021-09-22T10:31:12","slug":"smarta-project-collaborates-with-two-german-sites","status":"publish","type":"post","link":"https:\/\/www.memexitaly.it\/en\/smarta-project-collaborates-with-two-german-sites\/","title":{"rendered":"SMARTA project collaborates with two German sites"},"content":{"rendered":"<p>MemEx, as coordinator of the <a href=\"https:\/\/ruralsharedmobility.eu\/\">SMARTA<\/a> project, participated to the KoM with the association <a href=\"https:\/\/buergerbus-og.de\/\">B\u00fcrgerbus Oberes Glantal<\/a> in the small town of Sch\u00f6nenberg-K\u00fcbelberg, Rheinland Palatinate (Germany) last 22nd June.\u00a0This was the first MemEx trip after the lock-down period. The meeting was very productive. Giorgio Ambrosino and Andrea Lorenzini met the representatives of the association and the mayor. B\u00fcrgerbus Oberes Glanta operates a door-to-door service entirely managed by volunteers. The collaboration between \u00a0B\u00fcrgerbus Oberes Glantal and the SMARTA project is supported and promoted by the Kusel district, as can be seen in the following article <a href=\"https:\/\/landkreis-kusel.de\/aktuelles\/news\/newsdetails.html?tx_ttnews%5Btt_news%5D=2098&amp;cHash=bce1cf0ccf755e5f12fe4a0f1c0c22c2\">https:\/\/landkreis-kusel.de\/aktuelles\/news\/newsdetails.html?tx_ttnews%5Btt_news%5D=2098&amp;cHash=bce1cf0ccf755e5f12fe4a0f1c0c22c2<\/a><\/p>\n<p>On the 23rd June, Giorgio and Andrea participated to the KoM with B\u00fcrgerbus Dreisam Stromer in Baden W\u00fcrttemberg. B\u00fcrgerbus Dreisam-Stromer operates a service that runs on more than 60 stops along four different lines. The service is operated thanks to the large participation of volunteer drivers<\/p>\n<p>SMARTA project will collaborate with the local stakeholders in both German sites to analyse the level of transferability of the services in other European rural areas.<\/p>\n","protected":false},"excerpt":{"rendered":"<p>MemEx, as coordinator of the SMARTA project, participated to the KoM with the association B\u00fcrgerbus Oberes Glantal in the small town of Sch\u00f6nenberg-K\u00fcbelberg, Rheinland Palatinate (Germany) last 22nd June.\u00a0This was the first MemEx trip after the lock-down period. The meeting was very productive. Giorgio Ambrosino and Andrea Lorenzini met the representatives of the association and [&hellip;]<\/p>\n","protected":false},"author":6,"featured_media":4570,"comment_status":"closed","ping_status":"closed","sticky":false,"template":"","format":"standard","meta":{"footnotes":""},"categories":[277],"tags":[360,370],"class_list":["post-4572","post","type-post","status-publish","format-standard","has-post-thumbnail","hentry","category-european-project","tag-rural-mobility-en","tag-smarta"],"_links":{"self":[{"href":"https:\/\/www.memexitaly.it\/en\/wp-json\/wp\/v2\/posts\/4572","targetHints":{"allow":["GET"]}}],"collection":[{"href":"https:\/\/www.memexitaly.it\/en\/wp-json\/wp\/v2\/posts"}],"about":[{"href":"https:\/\/www.memexitaly.it\/en\/wp-json\/wp\/v2\/types\/post"}],"author":[{"embeddable":true,"href":"https:\/\/www.memexitaly.it\/en\/wp-json\/wp\/v2\/users\/6"}],"replies":[{"embeddable":true,"href":"https:\/\/www.memexitaly.it\/en\/wp-json\/wp\/v2\/comments?post=4572"}],"version-history":[{"count":0,"href":"https:\/\/www.memexitaly.it\/en\/wp-json\/wp\/v2\/posts\/4572\/revisions"}],"wp:featuredmedia":[{"embeddable":true,"href":"https:\/\/www.memexitaly.it\/en\/wp-json\/wp\/v2\/media\/4570"}],"wp:attachment":[{"href":"https:\/\/www.memexitaly.it\/en\/wp-json\/wp\/v2\/media?parent=4572"}],"wp:term":[{"taxonomy":"category","embeddable":true,"href":"https:\/\/www.memexitaly.it\/en\/wp-json\/wp\/v2\/categories?post=4572"},{"taxonomy":"post_tag","embeddable":true,"href":"https:\/\/www.memexitaly.it\/en\/wp-json\/wp\/v2\/tags?post=4572"}],"curies":[{"name":"wp","href":"https:\/\/api.w.org\/{rel}","templated":true}]}}